{"id":1270,"date":"2025-11-26T16:33:37","date_gmt":"2025-11-26T16:33:37","guid":{"rendered":"https:\/\/www.antibullfighting.org\/?p=1270"},"modified":"2026-04-01T10:38:41","modified_gmt":"2026-04-01T10:38:41","slug":"17-sommet-international-antitaurino-a-madrid","status":"publish","type":"post","link":"https:\/\/www.antibullfighting.org\/fr\/17-sommet-international-antitaurino-a-madrid\/","title":{"rendered":"17\u1d49 Sommet International Antitaurino \u00e0 Madrid"},"content":{"rendered":"<p><strong>Les 15 et 16 novembre, Madrid a accueilli le 17\u1d49 Sommet International Antitaurino, une rencontre qui a \u00e9t\u00e9 un v\u00e9ritable succ\u00e8s. Des repr\u00e9sentants des huit pays o\u00f9 les corridas ont lieu, ainsi que d\u2019autres nations, se sont r\u00e9unis pour renforcer les alliances et coordonner des strat\u00e9gies communes. Cette ann\u00e9e, c\u2019est Madrid qui a \u00e9t\u00e9 choisie afin de montrer notre soutien aux coll\u00e8gues espagnols et d\u2019appuyer leur lutte \u00e0 un moment crucial.<\/strong><\/p>\n<div id=\"attachment_1237\" style=\"width: 1034px\" class=\"wp-caption alignnone\"><img loading=\"lazy\" decoding=\"async\" aria-describedby=\"caption-attachment-1237\" class=\"wp-image-1237 size-large\" src=\"https:\/\/www.antibullfighting.org\/wp-content\/uploads\/2025\/11\/Flags-2-1024x576.jpg\" alt=\"17\u00aa Cumbre Internacional Antitauromaquia en Madrid | Foto: Red Internacional Antitauromaquia\" width=\"1024\" height=\"576\" srcset=\"https:\/\/www.antibullfighting.org\/wp-content\/uploads\/2025\/11\/Flags-2-1024x576.jpg 1024w, https:\/\/www.antibullfighting.org\/wp-content\/uploads\/2025\/11\/Flags-2-300x169.jpg 300w, https:\/\/www.antibullfighting.org\/wp-content\/uploads\/2025\/11\/Flags-2-768x432.jpg 768w, https:\/\/www.antibullfighting.org\/wp-content\/uploads\/2025\/11\/Flags-2.jpg 1280w\" sizes=\"auto, (max-width: 1024px) 100vw, 1024px\" \/><p id=\"caption-attachment-1237\" class=\"wp-caption-text\">17\u1d49 Sommet International Antitaurino \u00e0 Madrid | \u00a9R\u00e9seau International Antitaurino\u00a0<\/p><\/div>\n<p>Le 7 octobre, le Congr\u00e8s des D\u00e9put\u00e9s espagnol a d\u00e9cid\u00e9 de ne pas donner suite \u00e0 l\u2019Initiative L\u00e9gislative Populaire (ILP) <em>No es Mi Cultura<\/em> (\u00ab Ce n\u2019est pas ma culture \u00bb), qui visait \u00e0 mettre fin \u00e0 la corrida en tant que patrimoine culturel. Cette d\u00e9cision a \u00e9t\u00e9 particuli\u00e8rement d\u00e9cevante, car le parti socialiste PSOE \u2014 qui avait initialement promis de voter pour \u2014 a finalement choisi de s\u2019abstenir. Un revers important pour nos coll\u00e8gues espagnols, qui avaient consacr\u00e9 deux ans de travail \u00e0 cette initiative.<\/p>\n<p>Lors du sommet, nous avons partag\u00e9 nos r\u00e9ussites, nos enseignements et nos strat\u00e9gies communes. Il y avait beaucoup \u00e0 c\u00e9l\u00e9brer : la Colombie a non seulement interdit les corridas, mais aussi toutes les festivit\u00e9s cruelles avec des taureaux telles que le <em>coleo<\/em> et les <em>corralejas<\/em> ; Mexico a mis fin aux corridas traditionnelles avec mise \u00e0 mort, et l\u2019\u00c9tat mexicain de Michoac\u00e1n a \u00e9galement adopt\u00e9 l\u2019interdiction de la tauromachie. De plus, dans tous les pays o\u00f9 la tauromachie subsiste encore, on observe une diminution constante du nombre d\u2019\u00e9v\u00e9nements.<\/p>\n<blockquote class=\"wp-embedded-content\" data-secret=\"BSuZ6BzKKu\"><p><a href=\"https:\/\/www.antibullfighting.org\/fr\/fin-corralejas-coleos-colombie\/\">Fin des corralejas et des coleos en Colombie<\/a><\/p><\/blockquote>\n<p><iframe loading=\"lazy\" class=\"wp-embedded-content\" sandbox=\"allow-scripts\" security=\"restricted\" style=\"position: absolute; visibility: hidden;\" title=\"\u00ab\u00a0Fin des corralejas et des coleos en Colombie\u00a0\u00bb &#8212; International Network against bullfighting\" src=\"https:\/\/www.antibullfighting.org\/fr\/fin-corralejas-coleos-colombie\/embed\/#?secret=r0zab6O471#?secret=BSuZ6BzKKu\" data-secret=\"BSuZ6BzKKu\" width=\"500\" height=\"282\" frameborder=\"0\" marginwidth=\"0\" marginheight=\"0\" scrolling=\"no\"><\/iframe><\/p>\n<h2><strong>Principales conclusions du 17<\/strong><strong>\u1d49 Sommet International<\/strong><\/h2>\n<p>Dans le monde entier, le nombre de corridas diminue. Maite van Gerwen, directrice de CAS International (secr\u00e9tariat du R\u00e9seau International Antitaurino), souligne:<\/p>\n<blockquote><p>\u00ab Il est \u00e9vident que la majorit\u00e9 des habitants des pays taurins n\u2019acceptent plus la souffrance animale engendr\u00e9e par la tauromachie. Cela est en partie d\u00fb au travail remarquable de sensibilisation r\u00e9alis\u00e9 par nos coll\u00e8gues dans tous les pays. L\u2019engagement et le travail acharn\u00e9 de chacun ont \u00e9t\u00e9 visibles \u00e0 nouveau lors de ce sommet, \u00e0 travers les pr\u00e9sentations et les d\u00e9bats. C\u2019est merveilleux de collaborer avec autant d\u2019\u00e9nergie pour mettre fin \u00e0 la tauromachie. \u00bb<\/p><\/blockquote>\n<p>Quelques points cl\u00e9s du sommet :<\/p>\n<ul>\n<li><strong>La Colombie fait \u00e0 nouveau l\u2019histoire.<\/strong> Elle interdit \u00e9galement toutes les festivit\u00e9s cruelles avec des taureaux. En 2024, la Colombie avait d\u00e9j\u00e0 adopt\u00e9 la loi interdisant les corridas (loi qui entrera en vigueur en 2027).<\/li>\n<li><strong>Capitales sans corrida et interdiction \u00e0 Mexico.<\/strong> \u00c0 Bogot\u00e1, Caracas et Quito, aucune corrida n\u2019a eu lieu en 2024\u20132025.<\/li>\n<li><strong>Le Mexique compte d\u00e9sormais six \u00c9tats qui interdisent la corrida<\/strong>, incluant le Michoac\u00e1n depuis avril.<\/li>\n<li><strong>La Cour Constitutionnelle de l\u2019\u00c9quateur a confirm\u00e9<\/strong> que l\u2019interdiction de la tauromachie dans 126 cantons reste en vigueur. L\u2019\u00c9quateur compte au total 221 cantons.<\/li>\n<\/ul>\n<p><strong>Rejet social croissant. Quelques exemples :<\/strong><\/p>\n<ul>\n<li>Au Mexique, 72 % de la population est contre la tauromachie (<a href=\"https:\/\/elpais.com\/mexico\/2025-03-31\/encuesta-mas-del-70-de-los-mexicanos-estan-en-contra-de-las-corridas-de-toros-y-las-consideran-maltrato-animal.html\" target=\"_blank\" rel=\"noopener\">Enqu\u00eate Enkoll pour EL PA\u00cdS et W Radio<\/a>, mars 2025).<\/li>\n<li>En Espagne, 77 % sont oppos\u00e9s (<a href=\"https:\/\/www.cas-international.org\/en-gb\/most-spaniards-end-bullfighting-and-hunting\/\">Fundaci\u00f3n BBVA<\/a>,\u00a02025).<\/li>\n<li>En Espagne, en France et au Portugal, 77 % consid\u00e8rent que la tauromachie cause trop de souffrance animale et 58 % souhaitent son interdiction (<a href=\"https:\/\/www.cas-international.org\/survey-eng\/\" target=\"_blank\" rel=\"noopener\">Ipsos I&amp;O Public<\/a>, 2023, command\u00e9e par CAS International).<\/li>\n<\/ul>\n<p><strong>Moins de corridas dans les pays taurins. Exemples :<\/strong><\/p>\n<ul>\n<li>France : baisse de 38 % depuis 2014.<\/li>\n<li>Portugal : baisse de 36 % depuis 2014.<\/li>\n<li>Espagne : baisse de 60 % depuis 2007.<\/li>\n<li>\u00c9quateur : baisse de 70 % depuis 2012.<\/li>\n<\/ul>\n<p><strong>Meilleure protection des enfants :<\/strong><\/p>\n<ul>\n<li>\u00c9quateur a interdit l\u2019acc\u00e8s aux moins de 18 ans.<\/li>\n<li>Le Portugal travaille \u00e0 une interdiction pour les moins de 16 ans.<\/li>\n<\/ul>\n<h2><strong>Action au Congr\u00e8s espagnol<\/strong><\/h2>\n<p>Le lundi 17 novembre, un jour apr\u00e8s le sommet, nous avons men\u00e9 une action devant le Congr\u00e8s des D\u00e9put\u00e9s \u00e0 Madrid, avec les promoteurs de l\u2019initiative citoyenne <em>No es mi cultura<\/em>, pour soutenir la lutte de nos coll\u00e8gues espagnols. Des organisations de Colombie, du Mexique, du Venezuela, du P\u00e9rou, de France, du Portugal, des Pays-Bas, des \u00c9tats-Unis et du Royaume-Uni ont particip\u00e9. Des repr\u00e9sentants des partis espagnols Podemos, Sumar, Verdes Equo et M\u00e1s Madrid \u00e9taient \u00e9galement pr\u00e9sents.<\/p>\n<div id=\"attachment_1235\" style=\"width: 1034px\" class=\"wp-caption alignnone\"><img loading=\"lazy\" decoding=\"async\" aria-describedby=\"caption-attachment-1235\" class=\"wp-image-1235 size-large\" src=\"https:\/\/www.antibullfighting.org\/wp-content\/uploads\/2025\/11\/DCILPMadridAnimaNaturalis251117-06-1024x683.jpg\" alt=\"17\u00aa Cumbre Internacional Antitauromaquia en Madrid | Foto: David Canales\" width=\"1024\" height=\"683\" srcset=\"https:\/\/www.antibullfighting.org\/wp-content\/uploads\/2025\/11\/DCILPMadridAnimaNaturalis251117-06-1024x683.jpg 1024w, https:\/\/www.antibullfighting.org\/wp-content\/uploads\/2025\/11\/DCILPMadridAnimaNaturalis251117-06-300x200.jpg 300w, https:\/\/www.antibullfighting.org\/wp-content\/uploads\/2025\/11\/DCILPMadridAnimaNaturalis251117-06-768x512.jpg 768w, https:\/\/www.antibullfighting.org\/wp-content\/uploads\/2025\/11\/DCILPMadridAnimaNaturalis251117-06-1536x1024.jpg 1536w, https:\/\/www.antibullfighting.org\/wp-content\/uploads\/2025\/11\/DCILPMadridAnimaNaturalis251117-06.jpg 2048w\" sizes=\"auto, (max-width: 1024px) 100vw, 1024px\" \/><p id=\"caption-attachment-1235\" class=\"wp-caption-text\">\u00a0\u00a9David Canales\u00a0<\/p><\/div>\n<p><strong style=\"font-size: 16px;\">A\u00efda Gasc\u00f3n, coordinatrice pour l\u2019Espagne du R\u00e9seau International Antitaurino :<\/strong><\/p>\n<blockquote><p>\u00ab Nous avons profit\u00e9 de ce sommet pour faire valoir ce soutien international, cette pression que nous voulons exercer sur le PSOE, qui est le seul parti \u00e0 ne pas se positionner et \u00e0 rester neutre dans le d\u00e9bat pour abroger la loi prot\u00e9geant la tauromachie en tant que patrimoine culturel. Et \u00e0 cause de sa neutralit\u00e9, ce d\u00e9bat d\u00e9mocratique a \u00e9t\u00e9 bloqu\u00e9, emp\u00eachant en octobre dernier la prise en consid\u00e9ration de l\u2019initiative au Congr\u00e8s des D\u00e9put\u00e9s. \u00bb<\/p><\/blockquote>\n<p><strong>Estefan\u00eda Pamp\u00edn Zuidmeer, porte-parole du R\u00e9seau International Antitaurino, \u00e0 propos de l\u2019action :<\/strong><\/p>\n<blockquote><p>\u00ab Nous repr\u00e9sentons ici, \u00e0 Madrid, le R\u00e9seau International contre la Tauromachie afin de signaler que, tandis que des pays comme la Colombie et le Mexique avancent vers la fin de la tauromachie, l\u2019Espagne reste \u00e0 la tra\u00eene. Le PSOE bloque un d\u00e9bat initi\u00e9 par la citoyennet\u00e9 espagnole, ce qui constitue une d\u00e9cision antid\u00e9mocratique. Nous appelons le PSOE \u00e0 faire avancer l\u2019Espagne et \u00e0 cesser de bloquer le d\u00e9bat sur l\u2019interdiction de la tauromachie. \u00bb<\/p><\/blockquote>\n<p><iframe loading=\"lazy\" style=\"border: none; overflow: hidden;\" src=\"https:\/\/www.facebook.com\/plugins\/video.php?height=476&amp;href=https%3A%2F%2Fwww.facebook.com%2Freel%2F717059300951724%2F&amp;show_text=false&amp;width=267&amp;t=0\" width=\"267\" height=\"476\" frameborder=\"0\" scrolling=\"no\" allowfullscreen=\"allowfullscreen\" data-mce-fragment=\"1\"><\/iframe><\/p>\n<p>La Commission promotrice de l\u2019ILP continuera de travailler, cette fois avec les partis politiques qui soumettront \u00e0 nouveau la proposition de loi visant \u00e0 abroger la protection de la tauromachie en tant que patrimoine culturel. Le ministre de la Culture, Ernest Urtasun, a \u00e9galement exprim\u00e9 son soutien \u00e0 cette proposition. Si le PSOE n\u2019autorise pas le d\u00e9bat par une voie, il sera obtenu par une autre.<\/p>\n<p><iframe loading=\"lazy\" style=\"border: none; overflow: hidden;\" src=\"https:\/\/www.facebook.com\/plugins\/post.php?href=https%3A%2F%2Fwww.facebook.com%2Fpermalink.php%3Fstory_fbid%3Dpfbid0bg7zUCuu3zxk1xFnVnejaQBcgdbAnxvjZwWu7jtEZhHJH2rgh5Bo7uTjZ9f4V5T3l%26id%3D61556328208847&amp;show_text=true&amp;width=500\" width=\"500\" height=\"520\" frameborder=\"0\" scrolling=\"no\" allowfullscreen=\"allowfullscreen\" data-mce-fragment=\"1\"><\/iframe><\/p>\n<p><em>La conf\u00e9rence annuelle a \u00e9t\u00e9 organis\u00e9e par CAS International, avec l\u2019aide des coordinateurs du R\u00e9seau International Antitaurino \u00e0 Madrid.<\/em><\/p>\n","protected":false},"excerpt":{"rendered":"<p>Les 15 et 16 novembre, Madrid a accueilli le 17\u1d49 Sommet International Antitaurino, une rencontre qui a \u00e9t\u00e9 un v\u00e9ritable succ\u00e8s. Des repr\u00e9sentants des huit pays o\u00f9 les corridas ont lieu, ainsi que d\u2019autres nations, se sont r\u00e9unis pour renforcer les alliances et coordonner des strat\u00e9gies communes. Cette ann\u00e9e, c\u2019est Madrid qui a \u00e9t\u00e9 choisie&#8230;<\/p>\n","protected":false},"author":2,"featured_media":1239,"comment_status":"open","ping_status":"open","sticky":false,"template":"","format":"standard","meta":{"_acf_changed":false,"footnotes":""},"categories":[37,33],"tags":[31,70],"class_list":["post-1270","post","type-post","status-publish","format-standard","has-post-thumbnail","hentry","category-home-2-fr","category-news-fr","tag-home-fr","tag-sommet-international-antitaurino"],"acf":[],"yoast_head":"<!-- This site is optimized with the Yoast SEO plugin v27.5 - https:\/\/yoast.com\/product\/yoast-seo-wordpress\/ -->\n<title>17\u1d49 Sommet International Antitaurino \u00e0 Madrid - International Network against bullfighting<\/title>\n<meta name=\"description\" content=\"Les 15 et 16 novembre, Madrid a accueilli le 17\u1d49 Sommet International Antitaurino, une rencontre qui a \u00e9t\u00e9 un v\u00e9ritable succ\u00e8s.\" \/>\n<meta name=\"robots\" content=\"index, follow, max-snippet:-1, max-image-preview:large, max-video-preview:-1\" \/>\n<link rel=\"canonical\" href=\"https:\/\/www.antibullfighting.org\/fr\/17-sommet-international-antitaurino-a-madrid\/\" \/>\n<meta property=\"og:locale\" content=\"fr_FR\" \/>\n<meta property=\"og:type\" content=\"article\" \/>\n<meta property=\"og:title\" content=\"17\u1d49 Sommet International Antitaurino \u00e0 Madrid - International Network against bullfighting\" \/>\n<meta property=\"og:description\" content=\"Les 15 et 16 novembre, Madrid a accueilli le 17\u1d49 Sommet International Antitaurino, une rencontre qui a \u00e9t\u00e9 un v\u00e9ritable succ\u00e8s.\" \/>\n<meta property=\"og:url\" content=\"https:\/\/www.antibullfighting.org\/fr\/17-sommet-international-antitaurino-a-madrid\/\" \/>\n<meta property=\"og:site_name\" content=\"International Network against bullfighting\" \/>\n<meta property=\"article:published_time\" content=\"2025-11-26T16:33:37+00:00\" \/>\n<meta property=\"article:modified_time\" content=\"2026-04-01T10:38:41+00:00\" \/>\n<meta property=\"og:image\" content=\"https:\/\/www.antibullfighting.org\/wp-content\/uploads\/2025\/11\/Flags-2.jpg\" \/>\n\t<meta property=\"og:image:width\" content=\"1280\" \/>\n\t<meta property=\"og:image:height\" content=\"720\" \/>\n\t<meta property=\"og:image:type\" content=\"image\/jpeg\" \/>\n<meta name=\"author\" content=\"estefania\" \/>\n<meta name=\"twitter:card\" content=\"summary_large_image\" \/>\n<meta name=\"twitter:label1\" content=\"\u00c9crit par\" \/>\n\t<meta name=\"twitter:data1\" content=\"estefania\" \/>\n\t<meta name=\"twitter:label2\" content=\"Dur\u00e9e de lecture estim\u00e9e\" \/>\n\t<meta name=\"twitter:data2\" content=\"4 minutes\" \/>\n<script type=\"application\/ld+json\" class=\"yoast-schema-graph\">{\"@context\":\"https:\\\/\\\/schema.org\",\"@graph\":[{\"@type\":\"Article\",\"@id\":\"https:\\\/\\\/www.antibullfighting.org\\\/fr\\\/17-sommet-international-antitaurino-a-madrid\\\/#article\",\"isPartOf\":{\"@id\":\"https:\\\/\\\/www.antibullfighting.org\\\/fr\\\/17-sommet-international-antitaurino-a-madrid\\\/\"},\"author\":{\"name\":\"estefania\",\"@id\":\"https:\\\/\\\/www.antibullfighting.org\\\/fr\\\/#\\\/schema\\\/person\\\/8de1927e60b8c304452f78b36732eaf7\"},\"headline\":\"17\u1d49 Sommet International Antitaurino \u00e0 Madrid\",\"datePublished\":\"2025-11-26T16:33:37+00:00\",\"dateModified\":\"2026-04-01T10:38:41+00:00\",\"mainEntityOfPage\":{\"@id\":\"https:\\\/\\\/www.antibullfighting.org\\\/fr\\\/17-sommet-international-antitaurino-a-madrid\\\/\"},\"wordCount\":983,\"commentCount\":0,\"image\":{\"@id\":\"https:\\\/\\\/www.antibullfighting.org\\\/fr\\\/17-sommet-international-antitaurino-a-madrid\\\/#primaryimage\"},\"thumbnailUrl\":\"https:\\\/\\\/www.antibullfighting.org\\\/wp-content\\\/uploads\\\/2025\\\/11\\\/Flags-2.jpg\",\"keywords\":[\"Home\",\"Sommet International Antitaurino\"],\"articleSection\":[\"home\",\"news\"],\"inLanguage\":\"fr-FR\",\"potentialAction\":[{\"@type\":\"CommentAction\",\"name\":\"Comment\",\"target\":[\"https:\\\/\\\/www.antibullfighting.org\\\/fr\\\/17-sommet-international-antitaurino-a-madrid\\\/#respond\"]}]},{\"@type\":\"WebPage\",\"@id\":\"https:\\\/\\\/www.antibullfighting.org\\\/fr\\\/17-sommet-international-antitaurino-a-madrid\\\/\",\"url\":\"https:\\\/\\\/www.antibullfighting.org\\\/fr\\\/17-sommet-international-antitaurino-a-madrid\\\/\",\"name\":\"17\u1d49 Sommet International Antitaurino \u00e0 Madrid - International Network against bullfighting\",\"isPartOf\":{\"@id\":\"https:\\\/\\\/www.antibullfighting.org\\\/fr\\\/#website\"},\"primaryImageOfPage\":{\"@id\":\"https:\\\/\\\/www.antibullfighting.org\\\/fr\\\/17-sommet-international-antitaurino-a-madrid\\\/#primaryimage\"},\"image\":{\"@id\":\"https:\\\/\\\/www.antibullfighting.org\\\/fr\\\/17-sommet-international-antitaurino-a-madrid\\\/#primaryimage\"},\"thumbnailUrl\":\"https:\\\/\\\/www.antibullfighting.org\\\/wp-content\\\/uploads\\\/2025\\\/11\\\/Flags-2.jpg\",\"datePublished\":\"2025-11-26T16:33:37+00:00\",\"dateModified\":\"2026-04-01T10:38:41+00:00\",\"author\":{\"@id\":\"https:\\\/\\\/www.antibullfighting.org\\\/fr\\\/#\\\/schema\\\/person\\\/8de1927e60b8c304452f78b36732eaf7\"},\"description\":\"Les 15 et 16 novembre, Madrid a accueilli le 17\u1d49 Sommet International Antitaurino, une rencontre qui a \u00e9t\u00e9 un v\u00e9ritable succ\u00e8s.\",\"breadcrumb\":{\"@id\":\"https:\\\/\\\/www.antibullfighting.org\\\/fr\\\/17-sommet-international-antitaurino-a-madrid\\\/#breadcrumb\"},\"inLanguage\":\"fr-FR\",\"potentialAction\":[{\"@type\":\"ReadAction\",\"target\":[\"https:\\\/\\\/www.antibullfighting.org\\\/fr\\\/17-sommet-international-antitaurino-a-madrid\\\/\"]}]},{\"@type\":\"ImageObject\",\"inLanguage\":\"fr-FR\",\"@id\":\"https:\\\/\\\/www.antibullfighting.org\\\/fr\\\/17-sommet-international-antitaurino-a-madrid\\\/#primaryimage\",\"url\":\"https:\\\/\\\/www.antibullfighting.org\\\/wp-content\\\/uploads\\\/2025\\\/11\\\/Flags-2.jpg\",\"contentUrl\":\"https:\\\/\\\/www.antibullfighting.org\\\/wp-content\\\/uploads\\\/2025\\\/11\\\/Flags-2.jpg\",\"width\":1280,\"height\":720,\"caption\":\"17\u00aa Cumbre Internacional Antitauromaquia en Madrid | Foto: Red Internacional Antitauromaquia\"},{\"@type\":\"BreadcrumbList\",\"@id\":\"https:\\\/\\\/www.antibullfighting.org\\\/fr\\\/17-sommet-international-antitaurino-a-madrid\\\/#breadcrumb\",\"itemListElement\":[{\"@type\":\"ListItem\",\"position\":1,\"name\":\"Home\",\"item\":\"https:\\\/\\\/www.antibullfighting.org\\\/fr\\\/\"},{\"@type\":\"ListItem\",\"position\":2,\"name\":\"17\u1d49 Sommet International Antitaurino \u00e0 Madrid\"}]},{\"@type\":\"WebSite\",\"@id\":\"https:\\\/\\\/www.antibullfighting.org\\\/fr\\\/#website\",\"url\":\"https:\\\/\\\/www.antibullfighting.org\\\/fr\\\/\",\"name\":\"International Network against bullfighting\",\"description\":\"\",\"potentialAction\":[{\"@type\":\"SearchAction\",\"target\":{\"@type\":\"EntryPoint\",\"urlTemplate\":\"https:\\\/\\\/www.antibullfighting.org\\\/fr\\\/?s={search_term_string}\"},\"query-input\":{\"@type\":\"PropertyValueSpecification\",\"valueRequired\":true,\"valueName\":\"search_term_string\"}}],\"inLanguage\":\"fr-FR\"},{\"@type\":\"Person\",\"@id\":\"https:\\\/\\\/www.antibullfighting.org\\\/fr\\\/#\\\/schema\\\/person\\\/8de1927e60b8c304452f78b36732eaf7\",\"name\":\"estefania\",\"image\":{\"@type\":\"ImageObject\",\"inLanguage\":\"fr-FR\",\"@id\":\"https:\\\/\\\/secure.gravatar.com\\\/avatar\\\/c797d7b17bbfbf2e2c9e246d7a54fbb847e66ae7e5f45e0abd15957f4206d8fe?s=96&d=mm&r=g\",\"url\":\"https:\\\/\\\/secure.gravatar.com\\\/avatar\\\/c797d7b17bbfbf2e2c9e246d7a54fbb847e66ae7e5f45e0abd15957f4206d8fe?s=96&d=mm&r=g\",\"contentUrl\":\"https:\\\/\\\/secure.gravatar.com\\\/avatar\\\/c797d7b17bbfbf2e2c9e246d7a54fbb847e66ae7e5f45e0abd15957f4206d8fe?s=96&d=mm&r=g\",\"caption\":\"estefania\"},\"url\":\"https:\\\/\\\/www.antibullfighting.org\\\/fr\\\/author\\\/estefania\\\/\"}]}<\/script>\n<!-- \/ Yoast SEO plugin. -->","yoast_head_json":{"title":"17\u1d49 Sommet International Antitaurino \u00e0 Madrid - International Network against bullfighting","description":"Les 15 et 16 novembre, Madrid a accueilli le 17\u1d49 Sommet International Antitaurino, une rencontre qui a \u00e9t\u00e9 un v\u00e9ritable succ\u00e8s.","robots":{"index":"index","follow":"follow","max-snippet":"max-snippet:-1","max-image-preview":"max-image-preview:large","max-video-preview":"max-video-preview:-1"},"canonical":"https:\/\/www.antibullfighting.org\/fr\/17-sommet-international-antitaurino-a-madrid\/","og_locale":"fr_FR","og_type":"article","og_title":"17\u1d49 Sommet International Antitaurino \u00e0 Madrid - International Network against bullfighting","og_description":"Les 15 et 16 novembre, Madrid a accueilli le 17\u1d49 Sommet International Antitaurino, une rencontre qui a \u00e9t\u00e9 un v\u00e9ritable succ\u00e8s.","og_url":"https:\/\/www.antibullfighting.org\/fr\/17-sommet-international-antitaurino-a-madrid\/","og_site_name":"International Network against bullfighting","article_published_time":"2025-11-26T16:33:37+00:00","article_modified_time":"2026-04-01T10:38:41+00:00","og_image":[{"width":1280,"height":720,"url":"https:\/\/www.antibullfighting.org\/wp-content\/uploads\/2025\/11\/Flags-2.jpg","type":"image\/jpeg"}],"author":"estefania","twitter_card":"summary_large_image","twitter_misc":{"\u00c9crit par":"estefania","Dur\u00e9e de lecture estim\u00e9e":"4 minutes"},"schema":{"@context":"https:\/\/schema.org","@graph":[{"@type":"Article","@id":"https:\/\/www.antibullfighting.org\/fr\/17-sommet-international-antitaurino-a-madrid\/#article","isPartOf":{"@id":"https:\/\/www.antibullfighting.org\/fr\/17-sommet-international-antitaurino-a-madrid\/"},"author":{"name":"estefania","@id":"https:\/\/www.antibullfighting.org\/fr\/#\/schema\/person\/8de1927e60b8c304452f78b36732eaf7"},"headline":"17\u1d49 Sommet International Antitaurino \u00e0 Madrid","datePublished":"2025-11-26T16:33:37+00:00","dateModified":"2026-04-01T10:38:41+00:00","mainEntityOfPage":{"@id":"https:\/\/www.antibullfighting.org\/fr\/17-sommet-international-antitaurino-a-madrid\/"},"wordCount":983,"commentCount":0,"image":{"@id":"https:\/\/www.antibullfighting.org\/fr\/17-sommet-international-antitaurino-a-madrid\/#primaryimage"},"thumbnailUrl":"https:\/\/www.antibullfighting.org\/wp-content\/uploads\/2025\/11\/Flags-2.jpg","keywords":["Home","Sommet International Antitaurino"],"articleSection":["home","news"],"inLanguage":"fr-FR","potentialAction":[{"@type":"CommentAction","name":"Comment","target":["https:\/\/www.antibullfighting.org\/fr\/17-sommet-international-antitaurino-a-madrid\/#respond"]}]},{"@type":"WebPage","@id":"https:\/\/www.antibullfighting.org\/fr\/17-sommet-international-antitaurino-a-madrid\/","url":"https:\/\/www.antibullfighting.org\/fr\/17-sommet-international-antitaurino-a-madrid\/","name":"17\u1d49 Sommet International Antitaurino \u00e0 Madrid - International Network against bullfighting","isPartOf":{"@id":"https:\/\/www.antibullfighting.org\/fr\/#website"},"primaryImageOfPage":{"@id":"https:\/\/www.antibullfighting.org\/fr\/17-sommet-international-antitaurino-a-madrid\/#primaryimage"},"image":{"@id":"https:\/\/www.antibullfighting.org\/fr\/17-sommet-international-antitaurino-a-madrid\/#primaryimage"},"thumbnailUrl":"https:\/\/www.antibullfighting.org\/wp-content\/uploads\/2025\/11\/Flags-2.jpg","datePublished":"2025-11-26T16:33:37+00:00","dateModified":"2026-04-01T10:38:41+00:00","author":{"@id":"https:\/\/www.antibullfighting.org\/fr\/#\/schema\/person\/8de1927e60b8c304452f78b36732eaf7"},"description":"Les 15 et 16 novembre, Madrid a accueilli le 17\u1d49 Sommet International Antitaurino, une rencontre qui a \u00e9t\u00e9 un v\u00e9ritable succ\u00e8s.","breadcrumb":{"@id":"https:\/\/www.antibullfighting.org\/fr\/17-sommet-international-antitaurino-a-madrid\/#breadcrumb"},"inLanguage":"fr-FR","potentialAction":[{"@type":"ReadAction","target":["https:\/\/www.antibullfighting.org\/fr\/17-sommet-international-antitaurino-a-madrid\/"]}]},{"@type":"ImageObject","inLanguage":"fr-FR","@id":"https:\/\/www.antibullfighting.org\/fr\/17-sommet-international-antitaurino-a-madrid\/#primaryimage","url":"https:\/\/www.antibullfighting.org\/wp-content\/uploads\/2025\/11\/Flags-2.jpg","contentUrl":"https:\/\/www.antibullfighting.org\/wp-content\/uploads\/2025\/11\/Flags-2.jpg","width":1280,"height":720,"caption":"17\u00aa Cumbre Internacional Antitauromaquia en Madrid | Foto: Red Internacional Antitauromaquia"},{"@type":"BreadcrumbList","@id":"https:\/\/www.antibullfighting.org\/fr\/17-sommet-international-antitaurino-a-madrid\/#breadcrumb","itemListElement":[{"@type":"ListItem","position":1,"name":"Home","item":"https:\/\/www.antibullfighting.org\/fr\/"},{"@type":"ListItem","position":2,"name":"17\u1d49 Sommet International Antitaurino \u00e0 Madrid"}]},{"@type":"WebSite","@id":"https:\/\/www.antibullfighting.org\/fr\/#website","url":"https:\/\/www.antibullfighting.org\/fr\/","name":"International Network against bullfighting","description":"","potentialAction":[{"@type":"SearchAction","target":{"@type":"EntryPoint","urlTemplate":"https:\/\/www.antibullfighting.org\/fr\/?s={search_term_string}"},"query-input":{"@type":"PropertyValueSpecification","valueRequired":true,"valueName":"search_term_string"}}],"inLanguage":"fr-FR"},{"@type":"Person","@id":"https:\/\/www.antibullfighting.org\/fr\/#\/schema\/person\/8de1927e60b8c304452f78b36732eaf7","name":"estefania","image":{"@type":"ImageObject","inLanguage":"fr-FR","@id":"https:\/\/secure.gravatar.com\/avatar\/c797d7b17bbfbf2e2c9e246d7a54fbb847e66ae7e5f45e0abd15957f4206d8fe?s=96&d=mm&r=g","url":"https:\/\/secure.gravatar.com\/avatar\/c797d7b17bbfbf2e2c9e246d7a54fbb847e66ae7e5f45e0abd15957f4206d8fe?s=96&d=mm&r=g","contentUrl":"https:\/\/secure.gravatar.com\/avatar\/c797d7b17bbfbf2e2c9e246d7a54fbb847e66ae7e5f45e0abd15957f4206d8fe?s=96&d=mm&r=g","caption":"estefania"},"url":"https:\/\/www.antibullfighting.org\/fr\/author\/estefania\/"}]}},"_links":{"self":[{"href":"https:\/\/www.antibullfighting.org\/fr\/wp-json\/wp\/v2\/posts\/1270","targetHints":{"allow":["GET"]}}],"collection":[{"href":"https:\/\/www.antibullfighting.org\/fr\/wp-json\/wp\/v2\/posts"}],"about":[{"href":"https:\/\/www.antibullfighting.org\/fr\/wp-json\/wp\/v2\/types\/post"}],"author":[{"embeddable":true,"href":"https:\/\/www.antibullfighting.org\/fr\/wp-json\/wp\/v2\/users\/2"}],"replies":[{"embeddable":true,"href":"https:\/\/www.antibullfighting.org\/fr\/wp-json\/wp\/v2\/comments?post=1270"}],"version-history":[{"count":1,"href":"https:\/\/www.antibullfighting.org\/fr\/wp-json\/wp\/v2\/posts\/1270\/revisions"}],"predecessor-version":[{"id":1271,"href":"https:\/\/www.antibullfighting.org\/fr\/wp-json\/wp\/v2\/posts\/1270\/revisions\/1271"}],"wp:featuredmedia":[{"embeddable":true,"href":"https:\/\/www.antibullfighting.org\/fr\/wp-json\/wp\/v2\/media\/1239"}],"wp:attachment":[{"href":"https:\/\/www.antibullfighting.org\/fr\/wp-json\/wp\/v2\/media?parent=1270"}],"wp:term":[{"taxonomy":"category","embeddable":true,"href":"https:\/\/www.antibullfighting.org\/fr\/wp-json\/wp\/v2\/categories?post=1270"},{"taxonomy":"post_tag","embeddable":true,"href":"https:\/\/www.antibullfighting.org\/fr\/wp-json\/wp\/v2\/tags?post=1270"}],"curies":[{"name":"wp","href":"https:\/\/api.w.org\/{rel}","templated":true}]}}